{"id":5355,"date":"2024-02-02T16:34:44","date_gmt":"2024-02-02T19:34:44","guid":{"rendered":"https:\/\/roterin.com\/blog\/?p=5355"},"modified":"2025-08-08T07:18:36","modified_gmt":"2025-08-08T10:18:36","slug":"como-e-novembro-em-campos-do-jordao","status":"publish","type":"post","link":"https:\/\/roterin.com\/blog\/como-e-novembro-em-campos-do-jordao\/","title":{"rendered":"Novembro em Campos do Jord\u00e3o: A Transi\u00e7\u00e3o para a Esta\u00e7\u00e3o das Cores"},"content":{"rendered":"<div class=\"wp-block-image\">\n<figure class=\"aligncenter size-full is-resized\"><img fetchpriority=\"high\" decoding=\"async\" width=\"270\" height=\"270\" src=\"https:\/\/roterin.com\/blog\/wp-content\/uploads\/2024\/02\/OIG3213.jpeg\" alt=\"\" class=\"wp-image-5744\" style=\"width:427px;height:auto\" srcset=\"https:\/\/roterin.com\/blog\/wp-content\/uploads\/2024\/02\/OIG3213.jpeg 270w, https:\/\/roterin.com\/blog\/wp-content\/uploads\/2024\/02\/OIG3213-100x100.jpeg 100w, https:\/\/roterin.com\/blog\/wp-content\/uploads\/2024\/02\/OIG3213-150x150.jpeg 150w\" sizes=\"(max-width: 270px) 100vw, 270px\" \/><\/figure>\n<\/div>\n\n\n<p>Novembro em Campos do Jord\u00e3o marca o in\u00edcio da transi\u00e7\u00e3o para a temporada das cores, onde a natureza revela sua diversidade. Neste guia, exploraremos as caracter\u00edsticas \u00fanicas deste m\u00eas na &#8220;Su\u00ed\u00e7a Brasileira&#8221;, destacando as paisagens em transforma\u00e7\u00e3o, o clima ameno e sugest\u00f5es para aproveitar ao m\u00e1ximo esse per\u00edodo encantador.<\/p>\n\n\n\n<p>Confira Tamb\u00e9m <strong><a href=\"https:\/\/roterin.com\/blog\/como-e-outubro-em-campos-do-jordao\/\">Campos do Jord\u00e3o em Outubro<\/a> e Campos do Jord\u00e3o em Dezembro<\/strong><\/p>\n\n\n\n<h2 class=\"wp-block-heading\"><strong><mark style=\"background-color:rgba(0, 0, 0, 0)\" class=\"has-inline-color has-pale-cyan-blue-color\">Folhas em Transforma\u00e7\u00e3o<\/mark><\/strong><\/h2>\n\n\n\n<p>Uma das caracter\u00edsticas mais marcantes de Novembro \u00e9 a mudan\u00e7a nas folhas das \u00e1rvores. O verde intenso do ver\u00e3o cede espa\u00e7o a tons de amarelo, laranja e vermelho, criando uma paleta de cores deslumbrante. Passear pelas ruas e parques se torna uma experi\u00eancia visualmente cativante, registrando a transi\u00e7\u00e3o para a esta\u00e7\u00e3o das cores.<\/p>\n\n\n\n<p> Al\u00e9m disso, a queda gradual das folhas proporciona um tapete natural que convida a caminhadas contemplativas.<\/p>\n\n\n\n<h2 class=\"wp-block-heading\"><strong><mark style=\"background-color:rgba(0, 0, 0, 0)\" class=\"has-inline-color has-pale-cyan-blue-color\">Clima Ameno e Ambiente Aconchegante<\/mark><\/strong><\/h2>\n\n\n\n<p>Novembro oferece um clima ameno e agrad\u00e1vel em Campos do Jord\u00e3o. As temperaturas moderadas s\u00e3o ideais para explorar a cidade sem os extremos de calor ou frio. Este \u00e9 o momento perfeito para desfrutar das charmosas cafeterias, boutiques e paisagens envoltas em uma atmosfera aconchegante.<\/p>\n\n\n\n<p> Adicionalmente, as noites frescas s\u00e3o prop\u00edcias para atividades ao ar livre, como passeios noturnos e jantares em restaurantes aconchegantes.<\/p>\n\n\n\n<h2 class=\"wp-block-heading\"><strong><mark style=\"background-color:rgba(0, 0, 0, 0)\" class=\"has-inline-color has-pale-cyan-blue-color\">Eventos Culturais e Festivais de Outono<\/mark><\/strong><\/h2>\n\n\n\n<p>Novembro \u00e9 marcado por eventos culturais e festivais que celebram a chegada do outono. Concertos, exposi\u00e7\u00f5es de arte e eventos gastron\u00f4micos oferecem uma experi\u00eancia rica em cultura e divers\u00e3o, enriquecendo a agenda cultural da cidade.<\/p>\n\n\n\n<p> Al\u00e9m disso, a Vila Capivari se reveste de decora\u00e7\u00f5es outonais, proporcionando um cen\u00e1rio encantador para aqueles que exploram suas ruas pitorescas.<\/p>\n\n\n\n<h2 class=\"wp-block-heading\"><strong><mark style=\"background-color:rgba(0, 0, 0, 0)\" class=\"has-inline-color has-pale-cyan-blue-color\">Atividades ao Ar Livre e Passeios Fotogr\u00e1ficos<\/mark><\/strong><\/h2>\n\n\n\n<p>Novembro convida os visitantes a desfrutarem de atividades ao ar livre, aproveitando o clima agrad\u00e1vel e as paisagens outonais. Trilhas, passeios de bicicleta e passeios fotogr\u00e1ficos s\u00e3o op\u00e7\u00f5es encantadoras para apreciar a natureza em sua fase de transforma\u00e7\u00e3o.<\/p>\n\n\n\n<p> Al\u00e9m disso, os parques e mirantes oferecem vistas panor\u00e2micas que se tornam ainda mais deslumbrantes durante o outono.<\/p>\n\n\n\n<h2 class=\"wp-block-heading\"><strong><mark style=\"background-color:rgba(0, 0, 0, 0)\" class=\"has-inline-color has-pale-cyan-blue-color\">Dicas para uma Estadia Aproveit\u00e1vel<\/mark><\/strong><\/h2>\n\n\n\n<ul class=\"wp-block-list\">\n<li><strong>Explora\u00e7\u00e3o das Trilhas Outonais:<\/strong> Dedique tempo para explorar as trilhas cercadas por \u00e1rvores em transforma\u00e7\u00e3o, capturando a beleza \u00fanica do outono.<\/li>\n\n\n\n<li><strong>Participa\u00e7\u00e3o em Eventos Culturais:<\/strong> Aproveite os eventos culturais e festivais de outono, mergulhando na efervesc\u00eancia cultural da cidade.<\/li>\n\n\n\n<li><strong>Degusta\u00e7\u00e3o de Sabores da Esta\u00e7\u00e3o:<\/strong> Experimente pratos sazonais que incorporam ingredientes do outono, celebrando a riqueza gastron\u00f4mica desta \u00e9poca.<\/li>\n<\/ul>\n\n\n\n<h2 class=\"wp-block-heading\"><strong><mark style=\"background-color:rgba(0, 0, 0, 0)\" class=\"has-inline-color has-pale-cyan-blue-color\">Como fazer um roteiro para Campos do Jord\u00e3o<\/mark><\/strong><\/h2>\n\n\n<div class=\"wp-block-image\">\n<figure class=\"alignleft size-large is-resized\"><img decoding=\"async\" width=\"473\" height=\"1024\" src=\"https:\/\/roterin.com\/blog\/wp-content\/uploads\/2024\/01\/unnamed-14-473x1024.webp\" alt=\"\" class=\"wp-image-4617\" style=\"width:170px;height:auto\" srcset=\"https:\/\/roterin.com\/blog\/wp-content\/uploads\/2024\/01\/unnamed-14-473x1024.webp 473w, https:\/\/roterin.com\/blog\/wp-content\/uploads\/2024\/01\/unnamed-14-600x1299.webp 600w, https:\/\/roterin.com\/blog\/wp-content\/uploads\/2024\/01\/unnamed-14-139x300.webp 139w, https:\/\/roterin.com\/blog\/wp-content\/uploads\/2024\/01\/unnamed-14.webp 665w\" sizes=\"(max-width: 473px) 100vw, 473px\" \/><\/figure>\n<\/div>\n\n\n<p>Organizar um roteiro que te ajude de verdade na viagem pode ser desafiador, pois voc\u00ea ter\u00e1 de pesquisar em diversos sites os locais para visitar, os endere\u00e7os, tempos m\u00e9dios de visita em cada lugar, pre\u00e7os dos atrativos e tamb\u00e9m os links para comprar ingressos. E depois de toda essa pesquisa ainda ter\u00e1 de montar um itiner\u00e1rio que fa\u00e7a sentido, otimize seu tempo e caiba no seu or\u00e7amento.<\/p>\n\n\n\n<p>No entanto, fique tranquilo, pois hoje existe uma <strong>ferramenta gratuita<\/strong> que faz isso para voc\u00ea, \u00e9 o aplicativo <strong>Roterin<\/strong>. Ele \u00e9 super simples de usar, voc\u00ea informa o seu destino, as datas da sua viagem, quantas pessoas ir\u00e3o, e tamb\u00e9m poder\u00e1 estabelecer um or\u00e7amento m\u00e1ximo e em poucos segundos ele vai te entregar um roteiro completo, detalhado e personalizado. Ele \u00e9 totalmente edit\u00e1vel e voc\u00ea tamb\u00e9m pode compartilhar com amigos e tirar d\u00favida na comunidade de viajantes dentro do app. Voc\u00ea pode baixar ele aqui: <a href=\"https:\/\/link.roterin.com\/\"><strong>Download Roterin<\/strong><\/a><\/p>\n\n\n\n<h2 class=\"wp-block-heading\"><strong><mark style=\"background-color:rgba(0, 0, 0, 0)\" class=\"has-inline-color has-pale-cyan-blue-color\">Conclus\u00e3o<\/mark><\/strong><\/h2>\n\n\n\n<p>Novembro em Campos do Jord\u00e3o oferece uma experi\u00eancia singular, marcada pela transi\u00e7\u00e3o para a esta\u00e7\u00e3o das cores. Ao escolher este m\u00eas para explorar a cidade, os visitantes se envolvem em uma atmosfera de mudan\u00e7a, beleza natural e eventos culturais vibrantes.<\/p>\n","protected":false},"excerpt":{"rendered":"<p>Novembro em Campos do Jord\u00e3o marca o in\u00edcio da transi\u00e7\u00e3o para a temporada das cores, onde a natureza revela sua diversidade. Neste guia, exploraremos as caracter\u00edsticas \u00fanicas deste m\u00eas na &#8220;Su\u00ed\u00e7a Brasileira&#8221;, destacando as paisagens em transforma\u00e7\u00e3o, o clima ameno e sugest\u00f5es para aproveitar ao m\u00e1ximo esse per\u00edodo encantador. Confira Tamb\u00e9m Campos do Jord\u00e3o em [&hellip;]<\/p>\n","protected":false},"author":6,"featured_media":5744,"comment_status":"closed","ping_status":"closed","sticky":false,"template":"","format":"standard","meta":{"footnotes":""},"categories":[13],"tags":[],"class_list":["post-5355","post","type-post","status-publish","format-standard","has-post-thumbnail","hentry","category-campos-do-jordao"],"yoast_head":"<!-- This site is optimized with the Yoast SEO plugin v23.3 - https:\/\/yoast.com\/wordpress\/plugins\/seo\/ -->\n<title>Como \u00e9 Novembro em Campos do Jord\u00e3o: Guia Completo!<\/title>\n<meta name=\"description\" content=\"Novembro em Campos do Jord\u00e3o: transi\u00e7\u00e3o de cores, clima ameno e eventos culturais encantadores. Descubra a magia do outono nas montanhas!\" \/>\n<meta name=\"robots\" content=\"index, follow, max-snippet:-1, max-image-preview:large, max-video-preview:-1\" \/>\n<link rel=\"canonical\" href=\"https:\/\/roterin.com\/blog\/como-e-novembro-em-campos-do-jordao\/\" \/>\n<meta property=\"og:locale\" content=\"pt_BR\" \/>\n<meta property=\"og:type\" content=\"article\" \/>\n<meta property=\"og:title\" content=\"Como \u00e9 Novembro em Campos do Jord\u00e3o: Guia Completo!\" \/>\n<meta property=\"og:description\" content=\"Novembro em Campos do Jord\u00e3o: transi\u00e7\u00e3o de cores, clima ameno e eventos culturais encantadores. Descubra a magia do outono nas montanhas!\" \/>\n<meta property=\"og:url\" content=\"https:\/\/roterin.com\/blog\/como-e-novembro-em-campos-do-jordao\/\" \/>\n<meta property=\"og:site_name\" content=\"Roterin\" \/>\n<meta property=\"article:published_time\" content=\"2024-02-02T19:34:44+00:00\" \/>\n<meta property=\"article:modified_time\" content=\"2025-08-08T10:18:36+00:00\" \/>\n<meta property=\"og:image\" content=\"https:\/\/roterin.com\/blog\/wp-content\/uploads\/2024\/02\/OIG3213.jpeg\" \/>\n\t<meta property=\"og:image:width\" content=\"270\" \/>\n\t<meta property=\"og:image:height\" content=\"270\" \/>\n\t<meta property=\"og:image:type\" content=\"image\/jpeg\" \/>\n<meta name=\"author\" content=\"fernando\" \/>\n<meta name=\"twitter:card\" content=\"summary_large_image\" \/>\n<meta name=\"twitter:label1\" content=\"Escrito por\" \/>\n\t<meta name=\"twitter:data1\" content=\"fernando\" \/>\n\t<meta name=\"twitter:label2\" content=\"Est. tempo de leitura\" \/>\n\t<meta name=\"twitter:data2\" content=\"4 minutos\" \/>\n<script type=\"application\/ld+json\" class=\"yoast-schema-graph\">{\"@context\":\"https:\/\/schema.org\",\"@graph\":[{\"@type\":\"Article\",\"@id\":\"https:\/\/roterin.com\/blog\/como-e-novembro-em-campos-do-jordao\/#article\",\"isPartOf\":{\"@id\":\"https:\/\/roterin.com\/blog\/como-e-novembro-em-campos-do-jordao\/\"},\"author\":{\"name\":\"fernando\",\"@id\":\"https:\/\/roterin.com\/blog\/#\/schema\/person\/5934f3b05c756c3ec64a59b789bd14b3\"},\"headline\":\"Novembro em Campos do Jord\u00e3o: A Transi\u00e7\u00e3o para a Esta\u00e7\u00e3o das Cores\",\"datePublished\":\"2024-02-02T19:34:44+00:00\",\"dateModified\":\"2025-08-08T10:18:36+00:00\",\"mainEntityOfPage\":{\"@id\":\"https:\/\/roterin.com\/blog\/como-e-novembro-em-campos-do-jordao\/\"},\"wordCount\":675,\"publisher\":{\"@id\":\"https:\/\/roterin.com\/blog\/#organization\"},\"image\":{\"@id\":\"https:\/\/roterin.com\/blog\/como-e-novembro-em-campos-do-jordao\/#primaryimage\"},\"thumbnailUrl\":\"https:\/\/roterin.com\/blog\/wp-content\/uploads\/2024\/02\/OIG3213.jpeg\",\"articleSection\":[\"Campos do Jord\u00e3o\"],\"inLanguage\":\"pt-BR\"},{\"@type\":\"WebPage\",\"@id\":\"https:\/\/roterin.com\/blog\/como-e-novembro-em-campos-do-jordao\/\",\"url\":\"https:\/\/roterin.com\/blog\/como-e-novembro-em-campos-do-jordao\/\",\"name\":\"Como \u00e9 Novembro em Campos do Jord\u00e3o: Guia Completo!\",\"isPartOf\":{\"@id\":\"https:\/\/roterin.com\/blog\/#website\"},\"primaryImageOfPage\":{\"@id\":\"https:\/\/roterin.com\/blog\/como-e-novembro-em-campos-do-jordao\/#primaryimage\"},\"image\":{\"@id\":\"https:\/\/roterin.com\/blog\/como-e-novembro-em-campos-do-jordao\/#primaryimage\"},\"thumbnailUrl\":\"https:\/\/roterin.com\/blog\/wp-content\/uploads\/2024\/02\/OIG3213.jpeg\",\"datePublished\":\"2024-02-02T19:34:44+00:00\",\"dateModified\":\"2025-08-08T10:18:36+00:00\",\"description\":\"Novembro em Campos do Jord\u00e3o: transi\u00e7\u00e3o de cores, clima ameno e eventos culturais encantadores. Descubra a magia do outono nas montanhas!\",\"breadcrumb\":{\"@id\":\"https:\/\/roterin.com\/blog\/como-e-novembro-em-campos-do-jordao\/#breadcrumb\"},\"inLanguage\":\"pt-BR\",\"potentialAction\":[{\"@type\":\"ReadAction\",\"target\":[\"https:\/\/roterin.com\/blog\/como-e-novembro-em-campos-do-jordao\/\"]}]},{\"@type\":\"ImageObject\",\"inLanguage\":\"pt-BR\",\"@id\":\"https:\/\/roterin.com\/blog\/como-e-novembro-em-campos-do-jordao\/#primaryimage\",\"url\":\"https:\/\/roterin.com\/blog\/wp-content\/uploads\/2024\/02\/OIG3213.jpeg\",\"contentUrl\":\"https:\/\/roterin.com\/blog\/wp-content\/uploads\/2024\/02\/OIG3213.jpeg\",\"width\":270,\"height\":270},{\"@type\":\"BreadcrumbList\",\"@id\":\"https:\/\/roterin.com\/blog\/como-e-novembro-em-campos-do-jordao\/#breadcrumb\",\"itemListElement\":[{\"@type\":\"ListItem\",\"position\":1,\"name\":\"In\u00edcio\",\"item\":\"https:\/\/roterin.com\/blog\/\"},{\"@type\":\"ListItem\",\"position\":2,\"name\":\"Novembro em Campos do Jord\u00e3o: A Transi\u00e7\u00e3o para a Esta\u00e7\u00e3o das Cores\"}]},{\"@type\":\"WebSite\",\"@id\":\"https:\/\/roterin.com\/blog\/#website\",\"url\":\"https:\/\/roterin.com\/blog\/\",\"name\":\"Roterin\",\"description\":\"Blog do Aplicativo Roterin - Com dicas de Viagem\",\"publisher\":{\"@id\":\"https:\/\/roterin.com\/blog\/#organization\"},\"potentialAction\":[{\"@type\":\"SearchAction\",\"target\":{\"@type\":\"EntryPoint\",\"urlTemplate\":\"https:\/\/roterin.com\/blog\/?s={search_term_string}\"},\"query-input\":\"required name=search_term_string\"}],\"inLanguage\":\"pt-BR\"},{\"@type\":\"Organization\",\"@id\":\"https:\/\/roterin.com\/blog\/#organization\",\"name\":\"Roterin\",\"url\":\"https:\/\/roterin.com\/blog\/\",\"logo\":{\"@type\":\"ImageObject\",\"inLanguage\":\"pt-BR\",\"@id\":\"https:\/\/roterin.com\/blog\/#\/schema\/logo\/image\/\",\"url\":\"https:\/\/roterin.com\/blog\/wp-content\/uploads\/2023\/09\/cropped-roterin-logo.png\",\"contentUrl\":\"https:\/\/roterin.com\/blog\/wp-content\/uploads\/2023\/09\/cropped-roterin-logo.png\",\"width\":310,\"height\":88,\"caption\":\"Roterin \"},\"image\":{\"@id\":\"https:\/\/roterin.com\/blog\/#\/schema\/logo\/image\/\"}},{\"@type\":\"Person\",\"@id\":\"https:\/\/roterin.com\/blog\/#\/schema\/person\/5934f3b05c756c3ec64a59b789bd14b3\",\"name\":\"fernando\",\"image\":{\"@type\":\"ImageObject\",\"inLanguage\":\"pt-BR\",\"@id\":\"https:\/\/roterin.com\/blog\/#\/schema\/person\/image\/\",\"url\":\"https:\/\/secure.gravatar.com\/avatar\/9222995ade132525b6084b5dd6f37686dd00cde1328b285cee9a768ef3e65d45?s=96&d=mm&r=g\",\"contentUrl\":\"https:\/\/secure.gravatar.com\/avatar\/9222995ade132525b6084b5dd6f37686dd00cde1328b285cee9a768ef3e65d45?s=96&d=mm&r=g\",\"caption\":\"fernando\"},\"url\":\"https:\/\/roterin.com\/blog\/author\/fernando\/\"}]}<\/script>\n<!-- \/ Yoast SEO plugin. -->","yoast_head_json":{"title":"Como \u00e9 Novembro em Campos do Jord\u00e3o: Guia Completo!","description":"Novembro em Campos do Jord\u00e3o: transi\u00e7\u00e3o de cores, clima ameno e eventos culturais encantadores. Descubra a magia do outono nas montanhas!","robots":{"index":"index","follow":"follow","max-snippet":"max-snippet:-1","max-image-preview":"max-image-preview:large","max-video-preview":"max-video-preview:-1"},"canonical":"https:\/\/roterin.com\/blog\/como-e-novembro-em-campos-do-jordao\/","og_locale":"pt_BR","og_type":"article","og_title":"Como \u00e9 Novembro em Campos do Jord\u00e3o: Guia Completo!","og_description":"Novembro em Campos do Jord\u00e3o: transi\u00e7\u00e3o de cores, clima ameno e eventos culturais encantadores. Descubra a magia do outono nas montanhas!","og_url":"https:\/\/roterin.com\/blog\/como-e-novembro-em-campos-do-jordao\/","og_site_name":"Roterin","article_published_time":"2024-02-02T19:34:44+00:00","article_modified_time":"2025-08-08T10:18:36+00:00","og_image":[{"width":270,"height":270,"url":"https:\/\/roterin.com\/blog\/wp-content\/uploads\/2024\/02\/OIG3213.jpeg","type":"image\/jpeg"}],"author":"fernando","twitter_card":"summary_large_image","twitter_misc":{"Escrito por":"fernando","Est. tempo de leitura":"4 minutos"},"schema":{"@context":"https:\/\/schema.org","@graph":[{"@type":"Article","@id":"https:\/\/roterin.com\/blog\/como-e-novembro-em-campos-do-jordao\/#article","isPartOf":{"@id":"https:\/\/roterin.com\/blog\/como-e-novembro-em-campos-do-jordao\/"},"author":{"name":"fernando","@id":"https:\/\/roterin.com\/blog\/#\/schema\/person\/5934f3b05c756c3ec64a59b789bd14b3"},"headline":"Novembro em Campos do Jord\u00e3o: A Transi\u00e7\u00e3o para a Esta\u00e7\u00e3o das Cores","datePublished":"2024-02-02T19:34:44+00:00","dateModified":"2025-08-08T10:18:36+00:00","mainEntityOfPage":{"@id":"https:\/\/roterin.com\/blog\/como-e-novembro-em-campos-do-jordao\/"},"wordCount":675,"publisher":{"@id":"https:\/\/roterin.com\/blog\/#organization"},"image":{"@id":"https:\/\/roterin.com\/blog\/como-e-novembro-em-campos-do-jordao\/#primaryimage"},"thumbnailUrl":"https:\/\/roterin.com\/blog\/wp-content\/uploads\/2024\/02\/OIG3213.jpeg","articleSection":["Campos do Jord\u00e3o"],"inLanguage":"pt-BR"},{"@type":"WebPage","@id":"https:\/\/roterin.com\/blog\/como-e-novembro-em-campos-do-jordao\/","url":"https:\/\/roterin.com\/blog\/como-e-novembro-em-campos-do-jordao\/","name":"Como \u00e9 Novembro em Campos do Jord\u00e3o: Guia Completo!","isPartOf":{"@id":"https:\/\/roterin.com\/blog\/#website"},"primaryImageOfPage":{"@id":"https:\/\/roterin.com\/blog\/como-e-novembro-em-campos-do-jordao\/#primaryimage"},"image":{"@id":"https:\/\/roterin.com\/blog\/como-e-novembro-em-campos-do-jordao\/#primaryimage"},"thumbnailUrl":"https:\/\/roterin.com\/blog\/wp-content\/uploads\/2024\/02\/OIG3213.jpeg","datePublished":"2024-02-02T19:34:44+00:00","dateModified":"2025-08-08T10:18:36+00:00","description":"Novembro em Campos do Jord\u00e3o: transi\u00e7\u00e3o de cores, clima ameno e eventos culturais encantadores. Descubra a magia do outono nas montanhas!","breadcrumb":{"@id":"https:\/\/roterin.com\/blog\/como-e-novembro-em-campos-do-jordao\/#breadcrumb"},"inLanguage":"pt-BR","potentialAction":[{"@type":"ReadAction","target":["https:\/\/roterin.com\/blog\/como-e-novembro-em-campos-do-jordao\/"]}]},{"@type":"ImageObject","inLanguage":"pt-BR","@id":"https:\/\/roterin.com\/blog\/como-e-novembro-em-campos-do-jordao\/#primaryimage","url":"https:\/\/roterin.com\/blog\/wp-content\/uploads\/2024\/02\/OIG3213.jpeg","contentUrl":"https:\/\/roterin.com\/blog\/wp-content\/uploads\/2024\/02\/OIG3213.jpeg","width":270,"height":270},{"@type":"BreadcrumbList","@id":"https:\/\/roterin.com\/blog\/como-e-novembro-em-campos-do-jordao\/#breadcrumb","itemListElement":[{"@type":"ListItem","position":1,"name":"In\u00edcio","item":"https:\/\/roterin.com\/blog\/"},{"@type":"ListItem","position":2,"name":"Novembro em Campos do Jord\u00e3o: A Transi\u00e7\u00e3o para a Esta\u00e7\u00e3o das Cores"}]},{"@type":"WebSite","@id":"https:\/\/roterin.com\/blog\/#website","url":"https:\/\/roterin.com\/blog\/","name":"Roterin","description":"Blog do Aplicativo Roterin - Com dicas de Viagem","publisher":{"@id":"https:\/\/roterin.com\/blog\/#organization"},"potentialAction":[{"@type":"SearchAction","target":{"@type":"EntryPoint","urlTemplate":"https:\/\/roterin.com\/blog\/?s={search_term_string}"},"query-input":"required name=search_term_string"}],"inLanguage":"pt-BR"},{"@type":"Organization","@id":"https:\/\/roterin.com\/blog\/#organization","name":"Roterin","url":"https:\/\/roterin.com\/blog\/","logo":{"@type":"ImageObject","inLanguage":"pt-BR","@id":"https:\/\/roterin.com\/blog\/#\/schema\/logo\/image\/","url":"https:\/\/roterin.com\/blog\/wp-content\/uploads\/2023\/09\/cropped-roterin-logo.png","contentUrl":"https:\/\/roterin.com\/blog\/wp-content\/uploads\/2023\/09\/cropped-roterin-logo.png","width":310,"height":88,"caption":"Roterin "},"image":{"@id":"https:\/\/roterin.com\/blog\/#\/schema\/logo\/image\/"}},{"@type":"Person","@id":"https:\/\/roterin.com\/blog\/#\/schema\/person\/5934f3b05c756c3ec64a59b789bd14b3","name":"fernando","image":{"@type":"ImageObject","inLanguage":"pt-BR","@id":"https:\/\/roterin.com\/blog\/#\/schema\/person\/image\/","url":"https:\/\/secure.gravatar.com\/avatar\/9222995ade132525b6084b5dd6f37686dd00cde1328b285cee9a768ef3e65d45?s=96&d=mm&r=g","contentUrl":"https:\/\/secure.gravatar.com\/avatar\/9222995ade132525b6084b5dd6f37686dd00cde1328b285cee9a768ef3e65d45?s=96&d=mm&r=g","caption":"fernando"},"url":"https:\/\/roterin.com\/blog\/author\/fernando\/"}]}},"_links":{"self":[{"href":"https:\/\/roterin.com\/blog\/wp-json\/wp\/v2\/posts\/5355","targetHints":{"allow":["GET"]}}],"collection":[{"href":"https:\/\/roterin.com\/blog\/wp-json\/wp\/v2\/posts"}],"about":[{"href":"https:\/\/roterin.com\/blog\/wp-json\/wp\/v2\/types\/post"}],"author":[{"embeddable":true,"href":"https:\/\/roterin.com\/blog\/wp-json\/wp\/v2\/users\/6"}],"replies":[{"embeddable":true,"href":"https:\/\/roterin.com\/blog\/wp-json\/wp\/v2\/comments?post=5355"}],"version-history":[{"count":3,"href":"https:\/\/roterin.com\/blog\/wp-json\/wp\/v2\/posts\/5355\/revisions"}],"predecessor-version":[{"id":8692,"href":"https:\/\/roterin.com\/blog\/wp-json\/wp\/v2\/posts\/5355\/revisions\/8692"}],"wp:featuredmedia":[{"embeddable":true,"href":"https:\/\/roterin.com\/blog\/wp-json\/wp\/v2\/media\/5744"}],"wp:attachment":[{"href":"https:\/\/roterin.com\/blog\/wp-json\/wp\/v2\/media?parent=5355"}],"wp:term":[{"taxonomy":"category","embeddable":true,"href":"https:\/\/roterin.com\/blog\/wp-json\/wp\/v2\/categories?post=5355"},{"taxonomy":"post_tag","embeddable":true,"href":"https:\/\/roterin.com\/blog\/wp-json\/wp\/v2\/tags?post=5355"}],"curies":[{"name":"wp","href":"https:\/\/api.w.org\/{rel}","templated":true}]}}